{"id":24827,"date":"2016-07-12T07:27:55","date_gmt":"2016-07-12T07:27:55","guid":{"rendered":"https:\/\/alexandrebourguet.ch\/?p=24827"},"modified":"2025-09-15T08:40:53","modified_gmt":"2025-09-15T08:40:53","slug":"wedding-church-gruyere-switzerland","status":"publish","type":"post","link":"https:\/\/alexandrebourguet.ch\/en\/wedding-church-gruyere-switzerland\/","title":{"rendered":"In the church of Gruy\u00e8re"},"content":{"rendered":"<h1><strong>A musical wedding in Gruy\u00e8re<\/strong><\/h1>\n<p><span style=\"font-weight: 400;\">Gruy\u00e8res, Les Colombettes then to Ch\u00e2teau de Vaulruz: it is a typical Gruy\u00e8re wedding that Flaminia and Mathieu have offered their guests to be part of. The day was filled with emotion, with music surrounding us and it was sure an unforgettable day. Everyone enjoyed the day thoroughly, including the photographer! Let\u2019s return to the day in a little detail.<\/span><\/p>\n<p><span style=\"font-weight: 400;\">The preparations began at the bride\u2019s family house, with emotions already high at the rendezvous. Accompanying the newlyweds to the Gruy\u00e8res church, where Flaminia let out a tear in happiness. The photos of the couple at Colombettes, speaks volumes of the love that is shared between the bride and the groom. The love &amp; energy was quiet visible between the two, with the constant glance exchanges every now and then, with the beautiful colours of autumn surrounding them, with aperitif served to celebrate the occasion. We made our way to Ch\u00e2teau de Vaulruz, not far from there, for a beautiful meal. The happiness of the couple was visible, which played a huge part in the atmosphere of the wedding in Gruy\u00e8re, and not forgetting the music which was the soul of the event. After a beautiful speech by the bride\u2019s sister at the church, the music continued thereafter to rock the atmosphere alive, followed by with a meal.<\/span><\/p>\n<p><span style=\"font-weight: 400;\">Photographer: Alexandre Bourguet<\/span><\/p>\n<p><img fetchpriority=\"high\" decoding=\"async\" class=\"alignright size-full wp-image-17227\" title=\"A L\u2019\u00e9glise De Gruy\u00e8re Dans Le Canton De Fribourg\" src=\"https:\/\/alexandrebourguet.ch\/wp-content\/uploads\/2025\/08\/mariage-gruyere-1.jpg\" alt=\"Pr\u00e9paration de mariage au domicile de la mari\u00e9e, en Gruy\u00e8re\" width=\"1024\" height=\"684\" \/> <img decoding=\"async\" class=\"alignright size-full wp-image-17228\" title=\"A L\u2019\u00e9glise De Gruy\u00e8re Dans Le Canton De Fribourg\" src=\"https:\/\/alexandrebourguet.ch\/wp-content\/uploads\/2025\/08\/mariage-gruyere-2.jpg\" alt=\"La pr\u00e9paration de la mari\u00e9e commence\" width=\"1024\" height=\"684\" \/> <img decoding=\"async\" class=\"alignright size-full wp-image-17229\" title=\"A L\u2019\u00e9glise De Gruy\u00e8re Dans Le Canton De Fribourg\" src=\"https:\/\/alexandrebourguet.ch\/wp-content\/uploads\/2025\/08\/mariage-gruyere-3.jpg\" alt=\"La mari\u00e9e a rev\u00eatu sa robe et descend l'escalier\" width=\"1024\" height=\"684\" \/> <img loading=\"lazy\" decoding=\"async\" class=\"alignright size-full wp-image-17230\" title=\"A L\u2019\u00e9glise De Gruy\u00e8re Dans Le Canton De Fribourg\" src=\"https:\/\/alexandrebourguet.ch\/wp-content\/uploads\/2025\/08\/mariage-gruyere-4.jpg\" alt=\"La mari\u00e9e a enfil\u00e9 sa robe\" width=\"1024\" height=\"684\" \/> <img loading=\"lazy\" decoding=\"async\" class=\"alignright size-full wp-image-17231\" title=\"A L\u2019\u00e9glise De Gruy\u00e8re Dans Le Canton De Fribourg\" src=\"https:\/\/alexandrebourguet.ch\/wp-content\/uploads\/2025\/08\/mariage-gruyere-5.jpg\" alt=\"Derniers pr\u00e9paratifs pour la mari\u00e9e\" width=\"1024\" height=\"684\" \/> <img loading=\"lazy\" decoding=\"async\" class=\"alignright size-full wp-image-17232\" title=\"A L\u2019\u00e9glise De Gruy\u00e8re Dans Le Canton De Fribourg\" src=\"https:\/\/alexandrebourguet.ch\/wp-content\/uploads\/2025\/08\/mariage-gruyere-6.jpg\" alt=\"Derni\u00e8res r\u00e9p\u00e9titions au domicile de la mari\u00e9e\" width=\"1024\" height=\"684\" \/> <img loading=\"lazy\" decoding=\"async\" class=\"alignright size-full wp-image-17233\" title=\"A L\u2019\u00e9glise De Gruy\u00e8re Dans Le Canton De Fribourg\" src=\"https:\/\/alexandrebourguet.ch\/wp-content\/uploads\/2025\/08\/mariage-gruyere-7.jpg\" alt=\"Derniers pr\u00e9paratifs de mariage\" width=\"1024\" height=\"684\" \/> <img loading=\"lazy\" decoding=\"async\" class=\"alignright size-full wp-image-17234\" title=\"A L\u2019\u00e9glise De Gruy\u00e8re Dans Le Canton De Fribourg\" src=\"https:\/\/alexandrebourguet.ch\/wp-content\/uploads\/2025\/08\/mariage-gruyere-8.jpg\" alt=\"La mari\u00e9e ajuste la cravate de son p\u00e8re\" width=\"1024\" height=\"682\" \/> <img loading=\"lazy\" decoding=\"async\" class=\"alignright size-full wp-image-17235\" title=\"A L\u2019\u00e9glise De Gruy\u00e8re Dans Le Canton De Fribourg\" src=\"https:\/\/alexandrebourguet.ch\/wp-content\/uploads\/2025\/08\/mariage-gruyere-9.jpg\" alt=\"Tout est pr\u00eat pour la c\u00e9r\u00e9monie\" width=\"1024\" height=\"684\" \/> <img loading=\"lazy\" decoding=\"async\" class=\"alignright size-full wp-image-17236\" title=\"A L\u2019\u00e9glise De Gruy\u00e8re Dans Le Canton De Fribourg\" src=\"https:\/\/alexandrebourguet.ch\/wp-content\/uploads\/2025\/08\/mariage-gruyere-10.jpg\" alt=\"L'\u00e9glise Sainte-Th\u00e9odule de Gruy\u00e8res\" width=\"684\" height=\"1024\" \/> <img loading=\"lazy\" decoding=\"async\" class=\"alignright size-full wp-image-17237\" title=\"A L\u2019\u00e9glise De Gruy\u00e8re Dans Le Canton De Fribourg\" src=\"https:\/\/alexandrebourguet.ch\/wp-content\/uploads\/2025\/08\/mariage-gruyere-11.jpg\" alt=\"Le mari\u00e9 est \u00e0 l'\u00e9glise!\" width=\"1024\" height=\"682\" \/> <img loading=\"lazy\" decoding=\"async\" class=\"alignright size-full wp-image-17238\" title=\"A L\u2019\u00e9glise De Gruy\u00e8re Dans Le Canton De Fribourg\" src=\"https:\/\/alexandrebourguet.ch\/wp-content\/uploads\/2025\/08\/mariage-gruyere-12.jpg\" alt=\"Entr\u00e9e de l'\u00e9glise\" width=\"1024\" height=\"684\" \/> <img loading=\"lazy\" decoding=\"async\" class=\"alignright size-full wp-image-17239\" title=\"A L\u2019\u00e9glise De Gruy\u00e8re Dans Le Canton De Fribourg\" src=\"https:\/\/alexandrebourguet.ch\/wp-content\/uploads\/2025\/08\/mariage-gruyere-13.jpg\" alt=\"Arriv\u00e9e de la mari\u00e9e \u00e0 l'\u00e9glise\" width=\"1024\" height=\"684\" \/> <img loading=\"lazy\" decoding=\"async\" class=\"alignright size-full wp-image-17240\" title=\"A L\u2019\u00e9glise De Gruy\u00e8re Dans Le Canton De Fribourg\" src=\"https:\/\/alexandrebourguet.ch\/wp-content\/uploads\/2025\/08\/mariage-gruyere-14.jpg\" alt=\"Attente de la mari\u00e9e\" width=\"1024\" height=\"684\" \/> <img loading=\"lazy\" decoding=\"async\" class=\"alignright size-full wp-image-17241\" title=\"A L\u2019\u00e9glise De Gruy\u00e8re Dans Le Canton De Fribourg\" src=\"https:\/\/alexandrebourguet.ch\/wp-content\/uploads\/2025\/08\/mariage-gruyere-15.jpg\" alt=\"Le mari\u00e9 est f\u00e9licit\u00e9\" width=\"1024\" height=\"684\" \/> <img loading=\"lazy\" decoding=\"async\" class=\"alignright size-full wp-image-17242\" title=\"A L\u2019\u00e9glise De Gruy\u00e8re Dans Le Canton De Fribourg\" src=\"https:\/\/alexandrebourguet.ch\/wp-content\/uploads\/2025\/08\/mariage-gruyere-16.jpg\" alt=\"De nombreux enfants assistent au mariage \u00e0 Gruy\u00e8res\" width=\"1024\" height=\"682\" \/> <img loading=\"lazy\" decoding=\"async\" class=\"alignright size-full wp-image-17243\" title=\"A L\u2019\u00e9glise De Gruy\u00e8re Dans Le Canton De Fribourg\" src=\"https:\/\/alexandrebourguet.ch\/wp-content\/uploads\/2025\/08\/mariage-gruyere-17.jpg\" alt=\"La mari\u00e9e en pleurs\" width=\"1024\" height=\"682\" \/> <img loading=\"lazy\" decoding=\"async\" class=\"alignright size-full wp-image-17244\" title=\"A L\u2019\u00e9glise De Gruy\u00e8re Dans Le Canton De Fribourg\" src=\"https:\/\/alexandrebourguet.ch\/wp-content\/uploads\/2025\/08\/mariage-gruyere-18.jpg\" alt=\"La mari\u00e9e dit oui \u00e0 son \u00e9poux\" width=\"1024\" height=\"682\" \/> <img loading=\"lazy\" decoding=\"async\" class=\"alignright size-full wp-image-17245\" title=\"A L\u2019\u00e9glise De Gruy\u00e8re Dans Le Canton De Fribourg\" src=\"https:\/\/alexandrebourguet.ch\/wp-content\/uploads\/2025\/08\/mariage-gruyere-19.jpg\" alt=\"Les mari\u00e9s s'\u00e9changent leurs alliances\" width=\"1024\" height=\"682\" \/> <img loading=\"lazy\" decoding=\"async\" class=\"alignright size-full wp-image-17246\" title=\"A L\u2019\u00e9glise De Gruy\u00e8re Dans Le Canton De Fribourg\" src=\"https:\/\/alexandrebourguet.ch\/wp-content\/uploads\/2025\/08\/mariage-gruyere-20.jpg\" alt=\"Emotion de mariage\" width=\"1024\" height=\"684\" \/> <img loading=\"lazy\" decoding=\"async\" class=\"alignright size-full wp-image-17247\" title=\"A L\u2019\u00e9glise De Gruy\u00e8re Dans Le Canton De Fribourg\" src=\"https:\/\/alexandrebourguet.ch\/wp-content\/uploads\/2025\/08\/mariage-gruyere-21.jpg\" alt=\"Musique en l'honneur des mari\u00e9s\" width=\"1024\" height=\"684\" \/> <img loading=\"lazy\" decoding=\"async\" class=\"alignright size-full wp-image-17248\" title=\"A L\u2019\u00e9glise De Gruy\u00e8re Dans Le Canton De Fribourg\" src=\"https:\/\/alexandrebourguet.ch\/wp-content\/uploads\/2025\/08\/mariage-gruyere-22.jpg\" alt=\"Les mari\u00e9s s'embrassent\" width=\"1024\" height=\"682\" \/> <img loading=\"lazy\" decoding=\"async\" class=\"alignright size-full wp-image-17249\" title=\"A L\u2019\u00e9glise De Gruy\u00e8re Dans Le Canton De Fribourg\" src=\"https:\/\/alexandrebourguet.ch\/wp-content\/uploads\/2025\/08\/mariage-gruyere-23.jpg\" alt=\"Les \u00e9poux sortent de l'\u00e9glise de Gruy\u00e8res\" width=\"1024\" height=\"682\" \/> <img loading=\"lazy\" decoding=\"async\" class=\"alignright size-full wp-image-17250\" title=\"A L\u2019\u00e9glise De Gruy\u00e8re Dans Le Canton De Fribourg\" src=\"https:\/\/alexandrebourguet.ch\/wp-content\/uploads\/2025\/08\/mariage-gruyere-24.jpg\" alt=\"Cette invit\u00e9e pleure de joie \u00e0 l'issue de la c\u00e9r\u00e9monie\" width=\"1024\" height=\"682\" \/> <img loading=\"lazy\" decoding=\"async\" class=\"alignright size-full wp-image-17251\" title=\"A L\u2019\u00e9glise De Gruy\u00e8re Dans Le Canton De Fribourg\" src=\"https:\/\/alexandrebourguet.ch\/wp-content\/uploads\/2025\/08\/mariage-gruyere-25.jpg\" alt=\"Le mari\u00e9 f\u00e9licit\u00e9 \u00e0 la sortie de la c\u00e9r\u00e9monie\" width=\"1024\" height=\"682\" \/> <img loading=\"lazy\" decoding=\"async\" class=\"alignright size-full wp-image-17252\" title=\"A L\u2019\u00e9glise De Gruy\u00e8re Dans Le Canton De Fribourg\" src=\"https:\/\/alexandrebourguet.ch\/wp-content\/uploads\/2025\/08\/mariage-gruyere-26.jpg\" alt=\"Photo de couples \u00e0 la sortie de l'\u00e9glise \u00e0 Gruy\u00e8res\" width=\"1024\" height=\"682\" \/> <img loading=\"lazy\" decoding=\"async\" class=\"alignright size-full wp-image-17253\" title=\"A L\u2019\u00e9glise De Gruy\u00e8re Dans Le Canton De Fribourg\" src=\"https:\/\/alexandrebourguet.ch\/wp-content\/uploads\/2025\/08\/mariage-gruyere-27.jpg\" alt=\"Photo de couple \u00e0 la sortie de l'\u00e9glise\" width=\"1024\" height=\"682\" \/> <img loading=\"lazy\" decoding=\"async\" class=\"alignright size-full wp-image-17254\" title=\"A L\u2019\u00e9glise De Gruy\u00e8re Dans Le Canton De Fribourg\" src=\"https:\/\/alexandrebourguet.ch\/wp-content\/uploads\/2025\/08\/mariage-gruyere-28.jpg\" alt=\"Le couple s'\u00e9change un baiser devant l'oldtimer\" width=\"1024\" height=\"682\" \/> <img loading=\"lazy\" decoding=\"async\" class=\"alignright size-full wp-image-17255\" title=\"A L\u2019\u00e9glise De Gruy\u00e8re Dans Le Canton De Fribourg\" src=\"https:\/\/alexandrebourguet.ch\/wp-content\/uploads\/2025\/08\/mariage-gruyere-29.jpg\" alt=\"mariage-gruyere-29\" width=\"1024\" height=\"682\" \/> <img loading=\"lazy\" decoding=\"async\" class=\"alignright size-full wp-image-17256\" title=\"A L\u2019\u00e9glise De Gruy\u00e8re Dans Le Canton De Fribourg\" src=\"https:\/\/alexandrebourguet.ch\/wp-content\/uploads\/2025\/08\/mariage-gruyere-30.jpg\" alt=\"mariage-gruyere-30\" width=\"1024\" height=\"682\" \/> <img loading=\"lazy\" decoding=\"async\" class=\"alignright size-full wp-image-17257\" title=\"A L\u2019\u00e9glise De Gruy\u00e8re Dans Le Canton De Fribourg\" src=\"https:\/\/alexandrebourguet.ch\/wp-content\/uploads\/2025\/08\/mariage-gruyere-31.jpg\" alt=\"mariage-gruyere-31\" width=\"1024\" height=\"684\" \/> <img loading=\"lazy\" decoding=\"async\" class=\"alignright size-full wp-image-17258\" title=\"A L\u2019\u00e9glise De Gruy\u00e8re Dans Le Canton De Fribourg\" src=\"https:\/\/alexandrebourguet.ch\/wp-content\/uploads\/2025\/08\/mariage-gruyere-32.jpg\" alt=\"mariage-gruyere-32\" width=\"1024\" height=\"684\" \/> <img loading=\"lazy\" decoding=\"async\" class=\"alignright size-full wp-image-17259\" title=\"A L\u2019\u00e9glise De Gruy\u00e8re Dans Le Canton De Fribourg\" src=\"https:\/\/alexandrebourguet.ch\/wp-content\/uploads\/2025\/08\/mariage-gruyere-33.jpg\" alt=\"mariage-gruyere-33\" width=\"1024\" height=\"682\" \/> <img loading=\"lazy\" decoding=\"async\" class=\"alignright size-full wp-image-17260\" title=\"A L\u2019\u00e9glise De Gruy\u00e8re Dans Le Canton De Fribourg\" src=\"https:\/\/alexandrebourguet.ch\/wp-content\/uploads\/2025\/08\/mariage-gruyere-34.jpg\" alt=\"mariage-gruyere-34\" width=\"1024\" height=\"682\" \/> <img loading=\"lazy\" decoding=\"async\" class=\"alignright size-full wp-image-17261\" title=\"A L\u2019\u00e9glise De Gruy\u00e8re Dans Le Canton De Fribourg\" src=\"https:\/\/alexandrebourguet.ch\/wp-content\/uploads\/2025\/08\/mariage-gruyere-35.jpg\" alt=\"mariage-gruyere-35\" width=\"1024\" height=\"682\" \/> <img loading=\"lazy\" decoding=\"async\" class=\"alignright size-full wp-image-17262\" title=\"A L\u2019\u00e9glise De Gruy\u00e8re Dans Le Canton De Fribourg\" src=\"https:\/\/alexandrebourguet.ch\/wp-content\/uploads\/2025\/08\/mariage-gruyere-36.jpg\" alt=\"mariage-gruyere-36\" width=\"1024\" height=\"682\" \/> <img loading=\"lazy\" decoding=\"async\" class=\"alignright size-full wp-image-17263\" title=\"A L\u2019\u00e9glise De Gruy\u00e8re Dans Le Canton De Fribourg\" src=\"https:\/\/alexandrebourguet.ch\/wp-content\/uploads\/2025\/08\/mariage-gruyere-37.jpg\" alt=\"mariage-gruyere-37\" width=\"1024\" height=\"684\" \/> <img loading=\"lazy\" decoding=\"async\" class=\"alignright size-full wp-image-17264\" title=\"A L\u2019\u00e9glise De Gruy\u00e8re Dans Le Canton De Fribourg\" src=\"https:\/\/alexandrebourguet.ch\/wp-content\/uploads\/2025\/08\/mariage-gruyere-38.jpg\" alt=\"mariage-gruyere-38\" width=\"1024\" height=\"684\" \/> <img loading=\"lazy\" decoding=\"async\" class=\"alignright size-full wp-image-17265\" title=\"A L\u2019\u00e9glise De Gruy\u00e8re Dans Le Canton De Fribourg\" src=\"https:\/\/alexandrebourguet.ch\/wp-content\/uploads\/2025\/08\/mariage-gruyere-39.jpg\" alt=\"mariage-gruyere-39\" width=\"1024\" height=\"684\" \/> <img loading=\"lazy\" decoding=\"async\" class=\"alignright size-full wp-image-17266\" title=\"A L\u2019\u00e9glise De Gruy\u00e8re Dans Le Canton De Fribourg\" src=\"https:\/\/alexandrebourguet.ch\/wp-content\/uploads\/2025\/08\/mariage-gruyere-40.jpg\" alt=\"mariage-gruyere-40\" width=\"1024\" height=\"682\" \/> <img loading=\"lazy\" decoding=\"async\" class=\"alignright size-full wp-image-17267\" title=\"A L\u2019\u00e9glise De Gruy\u00e8re Dans Le Canton De Fribourg\" src=\"https:\/\/alexandrebourguet.ch\/wp-content\/uploads\/2025\/08\/mariage-gruyere-41.jpg\" alt=\"mariage-gruyere-41\" width=\"1024\" height=\"682\" \/><\/p>\n","protected":false},"excerpt":{"rendered":"<p>A musical wedding in Gruy\u00e8re Gruy\u00e8res, Les Colombettes then to Ch\u00e2teau de Vaulruz: it is a typical Gruy\u00e8re wedding that Flaminia and Mathieu have offered their guests to be part of. The day was filled with emotion, with music surrounding us and it was sure an unforgettable day. Everyone enjoyed the day thoroughly, including the [&hellip;]<\/p>\n","protected":false},"author":2,"featured_media":23778,"comment_status":"open","ping_status":"open","sticky":false,"template":"","format":"standard","meta":{"_slider_exclude":false,"footnotes":""},"categories":[1],"tags":[],"class_list":["post-24827","post","type-post","status-publish","format-standard","has-post-thumbnail","hentry","category-non-categorise"],"yoast_head":"<!-- This site is optimized with the Yoast SEO plugin v27.5 - https:\/\/yoast.com\/product\/yoast-seo-wordpress\/ -->\n<title>Wedding in church at Gruyere and diner at Castle of Vaulruz in Fribourg<\/title>\n<meta name=\"description\" content=\"Wedding of a lovely couple in in Gruy\u00e8re. After visiting the city of Gruy\u00e8res, the party continues in Colombettes and then in Ch\u00e2teau de Vaulruz.\" \/>\n<meta name=\"robots\" content=\"index, follow, max-snippet:-1, max-image-preview:large, max-video-preview:-1\" \/>\n<link rel=\"canonical\" href=\"https:\/\/alexandrebourguet.ch\/en\/wp-json\/wp\/v2\/posts\/24827\/\" \/>\n<meta property=\"og:locale\" content=\"en_US\" \/>\n<meta property=\"og:type\" content=\"article\" \/>\n<meta property=\"og:title\" content=\"Wedding in church at Gruyere and diner at Castle of Vaulruz in Fribourg\" \/>\n<meta property=\"og:description\" content=\"Wedding of a lovely couple in in Gruy\u00e8re. After visiting the city of Gruy\u00e8res, the party continues in Colombettes and then in Ch\u00e2teau de Vaulruz.\" \/>\n<meta property=\"og:url\" content=\"https:\/\/alexandrebourguet.ch\/en\/wedding-church-gruyere-switzerland\/\" \/>\n<meta property=\"og:site_name\" content=\"Alexandre Bourguet - Photographe de mariage\" \/>\n<meta property=\"article:publisher\" content=\"https:\/\/www.facebook.com\/alexandre.bourguet.photographe\" \/>\n<meta property=\"article:published_time\" content=\"2016-07-12T07:27:55+00:00\" \/>\n<meta property=\"article:modified_time\" content=\"2025-09-15T08:40:53+00:00\" \/>\n<meta property=\"og:image\" content=\"https:\/\/alexandrebourguet.ch\/wp-content\/uploads\/2025\/08\/mariage-gruyere-26.jpg\" \/>\n\t<meta property=\"og:image:width\" content=\"1024\" \/>\n\t<meta property=\"og:image:height\" content=\"682\" \/>\n\t<meta property=\"og:image:type\" content=\"image\/jpeg\" \/>\n<meta name=\"author\" content=\"Alexandre Bourguet\" \/>\n<meta name=\"twitter:card\" content=\"summary_large_image\" \/>\n<meta name=\"twitter:label1\" content=\"Written by\" \/>\n\t<meta name=\"twitter:data1\" content=\"Alexandre Bourguet\" \/>\n\t<meta name=\"twitter:label2\" content=\"Est. reading time\" \/>\n\t<meta name=\"twitter:data2\" content=\"10 minutes\" \/>\n<!-- \/ Yoast SEO plugin. -->","yoast_head_json":{"title":"Wedding in church at Gruyere and diner at Castle of Vaulruz in Fribourg","description":"Wedding of a lovely couple in in Gruy\u00e8re. After visiting the city of Gruy\u00e8res, the party continues in Colombettes and then in Ch\u00e2teau de Vaulruz.","robots":{"index":"index","follow":"follow","max-snippet":"max-snippet:-1","max-image-preview":"max-image-preview:large","max-video-preview":"max-video-preview:-1"},"canonical":"https:\/\/alexandrebourguet.ch\/en\/wp-json\/wp\/v2\/posts\/24827\/","og_locale":"en_US","og_type":"article","og_title":"Wedding in church at Gruyere and diner at Castle of Vaulruz in Fribourg","og_description":"Wedding of a lovely couple in in Gruy\u00e8re. After visiting the city of Gruy\u00e8res, the party continues in Colombettes and then in Ch\u00e2teau de Vaulruz.","og_url":"https:\/\/alexandrebourguet.ch\/en\/wedding-church-gruyere-switzerland\/","og_site_name":"Alexandre Bourguet - Photographe de mariage","article_publisher":"https:\/\/www.facebook.com\/alexandre.bourguet.photographe","article_published_time":"2016-07-12T07:27:55+00:00","article_modified_time":"2025-09-15T08:40:53+00:00","og_image":[{"width":1024,"height":682,"url":"https:\/\/alexandrebourguet.ch\/wp-content\/uploads\/2025\/08\/mariage-gruyere-26.jpg","type":"image\/jpeg"}],"author":"Alexandre Bourguet","twitter_card":"summary_large_image","twitter_misc":{"Written by":"Alexandre Bourguet","Est. reading time":"10 minutes"},"schema":{"@context":"https:\/\/schema.org","@graph":[]}},"_links":{"self":[{"href":"https:\/\/alexandrebourguet.ch\/en\/wp-json\/wp\/v2\/posts\/24827","targetHints":{"allow":["GET"]}}],"collection":[{"href":"https:\/\/alexandrebourguet.ch\/en\/wp-json\/wp\/v2\/posts"}],"about":[{"href":"https:\/\/alexandrebourguet.ch\/en\/wp-json\/wp\/v2\/types\/post"}],"author":[{"embeddable":true,"href":"https:\/\/alexandrebourguet.ch\/en\/wp-json\/wp\/v2\/users\/2"}],"replies":[{"embeddable":true,"href":"https:\/\/alexandrebourguet.ch\/en\/wp-json\/wp\/v2\/comments?post=24827"}],"version-history":[{"count":1,"href":"https:\/\/alexandrebourguet.ch\/en\/wp-json\/wp\/v2\/posts\/24827\/revisions"}],"predecessor-version":[{"id":24828,"href":"https:\/\/alexandrebourguet.ch\/en\/wp-json\/wp\/v2\/posts\/24827\/revisions\/24828"}],"wp:featuredmedia":[{"embeddable":true,"href":"https:\/\/alexandrebourguet.ch\/en\/wp-json\/wp\/v2\/media\/23778"}],"wp:attachment":[{"href":"https:\/\/alexandrebourguet.ch\/en\/wp-json\/wp\/v2\/media?parent=24827"}],"wp:term":[{"taxonomy":"category","embeddable":true,"href":"https:\/\/alexandrebourguet.ch\/en\/wp-json\/wp\/v2\/categories?post=24827"},{"taxonomy":"post_tag","embeddable":true,"href":"https:\/\/alexandrebourguet.ch\/en\/wp-json\/wp\/v2\/tags?post=24827"}],"curies":[{"name":"wp","href":"https:\/\/api.w.org\/{rel}","templated":true}]}}