{"id":24825,"date":"2016-07-13T07:18:34","date_gmt":"2016-07-13T07:18:34","guid":{"rendered":"https:\/\/alexandrebourguet.ch\/?p=24825"},"modified":"2025-09-15T08:40:26","modified_gmt":"2025-09-15T08:40:26","slug":"wedding-rougemont-saanen-pays-d-enhaut","status":"publish","type":"post","link":"https:\/\/alexandrebourguet.ch\/en\/wedding-rougemont-saanen-pays-d-enhaut\/","title":{"rendered":"In the \u201cpays d\u2019Enhaut\u201d in Rougemont"},"content":{"rendered":"<h1><strong>Wedding in the Pays d\u2019Enhaut in Switzerland<\/strong><\/h1>\n<p><span style=\"font-weight: 400;\">It is on the cantons of Vaud and Bern that Anne-Laure and Alex agree to tie the knot. The preparation took place in Saanen, the capital of Obersimmental. The canton of Vaud, which is a few meters away. Rougemont is the neighbouring village! It has a beautiful church, which was used as a backdrop for the wedding ceremony in the Pays d\u2019Enhaut hosted by an Italian priest. The newlyweds were keen to offer a wedding in the natural setting, outdoors with nature especially for their guests, and they were certainly not disappointed! Still in the country of Enhaut and in Rougemont, it is in a chalet that the beautiful newlywed couple are carried away by a vintage BMW. A beautiful building, which inhabits livestock part of the year. There, the guests enjoyed the beautiful moments of the newlywed, of exchanging vows and where they tied the knot together as husband and wife.<\/span><\/p>\n<p><span style=\"font-weight: 400;\">I must say, the dinner was excellent, as was the atmosphere that fine day, leaving only beautiful memories and certainly it was a refreshing &amp; relaxing place to spend time in, and even the Valdo-Friborg-Bernese Prealps is not far from it, but I certainly had a wonderful time.<\/span><\/p>\n<p><span style=\"font-weight: 400;\">Photographer: Alexandre Bourguet<\/span><span style=\"font-weight: 400;\"><br \/>\n<\/span><span style=\"font-weight: 400;\">Photographer: Val\u00e9rie Baeriswyl<\/span><span style=\"font-weight: 400;\"><br \/>\n<\/span><span style=\"font-weight: 400;\">Assistant: Taba\u00eft Van Roth<\/span><\/p>\n<p><img fetchpriority=\"high\" decoding=\"async\" class=\"alignright size-full wp-image-17145\" title=\"Dans Le Pays D\u2019enhaut \u00e0 Rougemont\" src=\"https:\/\/alexandrebourguet.ch\/wp-content\/uploads\/2025\/08\/mariage-montagne-rougemont-saanen-gstaad-1.jpg\" alt=\"La robe de mari\u00e9e est pr\u00eate\" width=\"684\" height=\"1024\" \/> <img decoding=\"async\" class=\"alignright size-full wp-image-17146\" title=\"Dans Le Pays D\u2019enhaut \u00e0 Rougemont\" src=\"https:\/\/alexandrebourguet.ch\/wp-content\/uploads\/2025\/08\/mariage-montagne-rougemont-saanen-gstaad-2.jpg\" alt=\"Derniers pr\u00e9paratifs pour la mari\u00e9e\" width=\"1024\" height=\"684\" \/> <img decoding=\"async\" class=\"alignright size-full wp-image-17147\" title=\"Dans Le Pays D\u2019enhaut \u00e0 Rougemont\" src=\"https:\/\/alexandrebourguet.ch\/wp-content\/uploads\/2025\/08\/mariage-montagne-rougemont-saanen-gstaad-3.jpg\" alt=\"Derniers pr\u00e9paratifs pour la mari\u00e9e\" width=\"1024\" height=\"684\" \/> <img loading=\"lazy\" decoding=\"async\" class=\"alignright size-full wp-image-17148\" title=\"Dans Le Pays D\u2019enhaut \u00e0 Rougemont\" src=\"https:\/\/alexandrebourguet.ch\/wp-content\/uploads\/2025\/08\/mariage-montagne-rougemont-saanen-gstaad-4.jpg\" alt=\"Un panneau guide les invit\u00e9s vers la c\u00e9r\u00e9monie\" width=\"1024\" height=\"684\" \/> <img loading=\"lazy\" decoding=\"async\" class=\"alignright size-full wp-image-17149\" title=\"Dans Le Pays D\u2019enhaut \u00e0 Rougemont\" src=\"https:\/\/alexandrebourguet.ch\/wp-content\/uploads\/2025\/08\/mariage-montagne-rougemont-saanen-gstaad-5.jpg\" alt=\"Un wagon du pays d'Enhaut sur le chemin de la c\u00e9r\u00e9monie\" width=\"1024\" height=\"684\" \/> <img loading=\"lazy\" decoding=\"async\" class=\"alignright size-full wp-image-17150\" title=\"Dans Le Pays D\u2019enhaut \u00e0 Rougemont\" src=\"https:\/\/alexandrebourguet.ch\/wp-content\/uploads\/2025\/08\/mariage-montagne-rougemont-saanen-gstaad-6.jpg\" alt=\"Eglise de Rougemont, dans le pays d'Enhaut\" width=\"1024\" height=\"683\" \/> <img loading=\"lazy\" decoding=\"async\" class=\"alignright size-full wp-image-17151\" title=\"Dans Le Pays D\u2019enhaut \u00e0 Rougemont\" src=\"https:\/\/alexandrebourguet.ch\/wp-content\/uploads\/2025\/08\/mariage-montagne-rougemont-saanen-gstaad-7.jpg\" alt=\"Bisou du mari\u00e9 \u00e0 sa maman\" width=\"1024\" height=\"684\" \/> <img loading=\"lazy\" decoding=\"async\" class=\"alignright size-full wp-image-17152\" title=\"Dans Le Pays D\u2019enhaut \u00e0 Rougemont\" src=\"https:\/\/alexandrebourguet.ch\/wp-content\/uploads\/2025\/08\/mariage-montagne-rougemont-saanen-gstaad-8.jpg\" alt=\"La mari\u00e9e conduite \u00e0 l'autel par son papa\" width=\"1024\" height=\"684\" \/> <img loading=\"lazy\" decoding=\"async\" class=\"alignright size-full wp-image-17153\" title=\"Dans Le Pays D\u2019enhaut \u00e0 Rougemont\" src=\"https:\/\/alexandrebourguet.ch\/wp-content\/uploads\/2025\/08\/mariage-montagne-rougemont-saanen-gstaad-9.jpg\" alt=\"Mari\u00e9s dans l'\u00e9glise de Rougemont\" width=\"684\" height=\"1024\" \/> <img loading=\"lazy\" decoding=\"async\" class=\"alignright size-full wp-image-17154\" title=\"Dans Le Pays D\u2019enhaut \u00e0 Rougemont\" src=\"https:\/\/alexandrebourguet.ch\/wp-content\/uploads\/2025\/08\/mariage-montagne-rougemont-saanen-gstaad-10.jpg\" alt=\"Un enfant assiste \u00e0 la c\u00e9r\u00e9monie dans le pays d'Enhaut\" width=\"684\" height=\"1024\" \/> <img loading=\"lazy\" decoding=\"async\" class=\"alignright size-full wp-image-17155\" title=\"Dans Le Pays D\u2019enhaut \u00e0 Rougemont\" src=\"https:\/\/alexandrebourguet.ch\/wp-content\/uploads\/2025\/08\/mariage-montagne-rougemont-saanen-gstaad-11.jpg\" alt=\"Les alliances sont amen\u00e9es par une enfant\" width=\"1024\" height=\"684\" \/> <img loading=\"lazy\" decoding=\"async\" class=\"alignright size-full wp-image-17156\" title=\"Dans Le Pays D\u2019enhaut \u00e0 Rougemont\" src=\"https:\/\/alexandrebourguet.ch\/wp-content\/uploads\/2025\/08\/mariage-montagne-rougemont-saanen-gstaad-12.jpg\" alt=\"Le pr\u00eatre qui c\u00e9l\u00e8bre la messe se saisit de la bague\" width=\"1024\" height=\"684\" \/> <img loading=\"lazy\" decoding=\"async\" class=\"alignright size-full wp-image-17157\" title=\"Dans Le Pays D\u2019enhaut \u00e0 Rougemont\" src=\"https:\/\/alexandrebourguet.ch\/wp-content\/uploads\/2025\/08\/mariage-montagne-rougemont-saanen-gstaad-13.jpg\" alt=\"La mari\u00e9e passe la bague au doigt \u00e0 son \u00e9poux\" width=\"1024\" height=\"683\" \/> <img loading=\"lazy\" decoding=\"async\" class=\"alignright size-full wp-image-17158\" title=\"Dans Le Pays D\u2019enhaut \u00e0 Rougemont\" src=\"https:\/\/alexandrebourguet.ch\/wp-content\/uploads\/2025\/08\/mariage-montagne-rougemont-saanen-gstaad-14.jpg\" alt=\"La mari\u00e9e hilare\" width=\"1024\" height=\"684\" \/> <img loading=\"lazy\" decoding=\"async\" class=\"alignright size-full wp-image-17159\" title=\"Dans Le Pays D\u2019enhaut \u00e0 Rougemont\" src=\"https:\/\/alexandrebourguet.ch\/wp-content\/uploads\/2025\/08\/mariage-montagne-rougemont-saanen-gstaad-15.jpg\" alt=\"La mari\u00e9e laisse \u00e9chapper une larme apr\u00e8s l'\u00e9change des alliances\" width=\"1024\" height=\"684\" \/> <img loading=\"lazy\" decoding=\"async\" class=\"alignright size-full wp-image-17160\" title=\"Dans Le Pays D\u2019enhaut \u00e0 Rougemont\" src=\"https:\/\/alexandrebourguet.ch\/wp-content\/uploads\/2025\/08\/mariage-montagne-rougemont-saanen-gstaad-16.jpg\" alt=\"Complicit\u00e9 entre le mari\u00e9 et son p\u00e8re\" width=\"1024\" height=\"684\" \/> <img loading=\"lazy\" decoding=\"async\" class=\"alignright size-full wp-image-17161\" title=\"Dans Le Pays D\u2019enhaut \u00e0 Rougemont\" src=\"https:\/\/alexandrebourguet.ch\/wp-content\/uploads\/2025\/08\/mariage-montagne-rougemont-saanen-gstaad-17.jpg\" alt=\"La mari\u00e9e est f\u00e9licit\u00e9e\" width=\"1024\" height=\"684\" \/> <img loading=\"lazy\" decoding=\"async\" class=\"alignright size-full wp-image-17162\" title=\"Dans Le Pays D\u2019enhaut \u00e0 Rougemont\" src=\"https:\/\/alexandrebourguet.ch\/wp-content\/uploads\/2025\/08\/mariage-montagne-rougemont-saanen-gstaad-18.jpg\" alt=\"Les mari\u00e9s sortent de l'\u00e9glise de Rougemont\" width=\"1024\" height=\"684\" \/> <img loading=\"lazy\" decoding=\"async\" class=\"alignright size-full wp-image-17163\" title=\"Dans Le Pays D\u2019enhaut \u00e0 Rougemont\" src=\"https:\/\/alexandrebourguet.ch\/wp-content\/uploads\/2025\/08\/mariage-montagne-rougemont-saanen-gstaad-19.jpg\" alt=\"Distribution de d\u00e9corations \u00e0 la sortie de l'\u00e9glise\" width=\"1024\" height=\"684\" \/> <img loading=\"lazy\" decoding=\"async\" class=\"alignright size-full wp-image-17164\" title=\"Dans Le Pays D\u2019enhaut \u00e0 Rougemont\" src=\"https:\/\/alexandrebourguet.ch\/wp-content\/uploads\/2025\/08\/mariage-montagne-rougemont-saanen-gstaad-20.jpg\" alt=\"Les mari\u00e9s saluent leurs invit\u00e9s \u00e0 la sortie de l'\u00e9glise\" width=\"1024\" height=\"684\" \/> <img loading=\"lazy\" decoding=\"async\" class=\"alignright size-full wp-image-17165\" title=\"Dans Le Pays D\u2019enhaut \u00e0 Rougemont\" src=\"https:\/\/alexandrebourguet.ch\/wp-content\/uploads\/2025\/08\/mariage-montagne-rougemont-saanen-gstaad-21.jpg\" alt=\"Les mari\u00e9s tr\u00e8s complices \u00e0 la sortie de l'\u00e9glise\" width=\"1024\" height=\"683\" \/> <img loading=\"lazy\" decoding=\"async\" class=\"alignright size-full wp-image-17166\" title=\"Dans Le Pays D\u2019enhaut \u00e0 Rougemont\" src=\"https:\/\/alexandrebourguet.ch\/wp-content\/uploads\/2025\/08\/mariage-montagne-rougemont-saanen-gstaad-22.jpg\" alt=\"Shooting en ext\u00e9rieur apr\u00e8s la c\u00e9r\u00e9monie\" width=\"1024\" height=\"683\" \/> <img loading=\"lazy\" decoding=\"async\" class=\"alignright size-full wp-image-17167\" title=\"Dans Le Pays D\u2019enhaut \u00e0 Rougemont\" src=\"https:\/\/alexandrebourguet.ch\/wp-content\/uploads\/2025\/08\/mariage-montagne-rougemont-saanen-gstaad-23.jpg\" alt=\"Bisou devant l'oldtimer\" width=\"1024\" height=\"684\" \/> <img loading=\"lazy\" decoding=\"async\" class=\"alignright size-full wp-image-17168\" title=\"Dans Le Pays D\u2019enhaut \u00e0 Rougemont\" src=\"https:\/\/alexandrebourguet.ch\/wp-content\/uploads\/2025\/08\/mariage-montagne-rougemont-saanen-gstaad-24.jpg\" alt=\"Les mari\u00e9s dans la BMW vintage\" width=\"1024\" height=\"684\" \/> <img loading=\"lazy\" decoding=\"async\" class=\"alignright size-full wp-image-17169\" title=\"Dans Le Pays D\u2019enhaut \u00e0 Rougemont\" src=\"https:\/\/alexandrebourguet.ch\/wp-content\/uploads\/2025\/08\/mariage-montagne-rougemont-saanen-gstaad-25.jpg\" alt=\"Un baiser dans la voiture\" width=\"1024\" height=\"684\" \/> <img loading=\"lazy\" decoding=\"async\" class=\"alignright size-full wp-image-17170\" title=\"Dans Le Pays D\u2019enhaut \u00e0 Rougemont\" src=\"https:\/\/alexandrebourguet.ch\/wp-content\/uploads\/2025\/08\/mariage-montagne-rougemont-saanen-gstaad-26.jpg\" alt=\"Les mari\u00e9s en balade en montagne\" width=\"1024\" height=\"683\" \/> <img loading=\"lazy\" decoding=\"async\" class=\"alignright size-full wp-image-17171\" title=\"Dans Le Pays D\u2019enhaut \u00e0 Rougemont\" src=\"https:\/\/alexandrebourguet.ch\/wp-content\/uploads\/2025\/08\/mariage-montagne-rougemont-saanen-gstaad-27.jpg\" alt=\"Le chalet authentique qui va h\u00e9berger la suite du mariage\" width=\"1024\" height=\"683\" \/> <img loading=\"lazy\" decoding=\"async\" class=\"alignright size-full wp-image-17172\" title=\"Dans Le Pays D\u2019enhaut \u00e0 Rougemont\" src=\"https:\/\/alexandrebourguet.ch\/wp-content\/uploads\/2025\/08\/mariage-montagne-rougemont-saanen-gstaad-28.jpg\" alt=\"Un souper authentique dans une ferme d'alpage\" width=\"1024\" height=\"683\" \/> <img loading=\"lazy\" decoding=\"async\" class=\"alignright size-full wp-image-17173\" title=\"Dans Le Pays D\u2019enhaut \u00e0 Rougemont\" src=\"https:\/\/alexandrebourguet.ch\/wp-content\/uploads\/2025\/08\/mariage-montagne-rougemont-saanen-gstaad-29.jpg\" alt=\"Un souper authentique dans une ferme d'alpage\" width=\"1024\" height=\"684\" \/> <img loading=\"lazy\" decoding=\"async\" class=\"alignright size-full wp-image-17174\" title=\"Dans Le Pays D\u2019enhaut \u00e0 Rougemont\" src=\"https:\/\/alexandrebourguet.ch\/wp-content\/uploads\/2025\/08\/mariage-montagne-rougemont-saanen-gstaad-30.jpg\" alt=\"Les mari\u00e9s dansent dans le chalet\" width=\"1024\" height=\"683\" \/> <img loading=\"lazy\" decoding=\"async\" class=\"alignright size-full wp-image-17175\" title=\"Dans Le Pays D\u2019enhaut \u00e0 Rougemont\" src=\"https:\/\/alexandrebourguet.ch\/wp-content\/uploads\/2025\/08\/mariage-montagne-rougemont-saanen-gstaad-31.jpg\" alt=\"Jeu d'ombre et de lumi\u00e8re sur la piste de danse\" width=\"1024\" height=\"684\" \/> <img loading=\"lazy\" decoding=\"async\" class=\"alignright size-full wp-image-17176\" title=\"Dans Le Pays D\u2019enhaut \u00e0 Rougemont\" src=\"https:\/\/alexandrebourguet.ch\/wp-content\/uploads\/2025\/08\/mariage-montagne-rougemont-saanen-gstaad-32.jpg\" alt=\"Belle ambiance dans le chalet au-dessus de Rougemont\" width=\"1024\" height=\"684\" \/> <img loading=\"lazy\" decoding=\"async\" class=\"alignright size-full wp-image-17177\" title=\"Dans Le Pays D\u2019enhaut \u00e0 Rougemont\" src=\"https:\/\/alexandrebourguet.ch\/wp-content\/uploads\/2025\/08\/mariage-montagne-rougemont-saanen-gstaad-33.jpg\" alt=\"Les mari\u00e9s \u00e0 fond sur la piste de danse\" width=\"1024\" height=\"684\" \/> <img loading=\"lazy\" decoding=\"async\" class=\"alignright size-full wp-image-17178\" title=\"Dans Le Pays D\u2019enhaut \u00e0 Rougemont\" src=\"https:\/\/alexandrebourguet.ch\/wp-content\/uploads\/2025\/08\/mariage-montagne-rougemont-saanen-gstaad-34.jpg\" alt=\"Il y a du monde sur la piste de danse\" width=\"1024\" height=\"684\" \/> <img loading=\"lazy\" decoding=\"async\" class=\"alignright size-full wp-image-17179\" title=\"Dans Le Pays D\u2019enhaut \u00e0 Rougemont\" src=\"https:\/\/alexandrebourguet.ch\/wp-content\/uploads\/2025\/08\/mariage-montagne-rougemont-saanen-gstaad-35.jpg\" alt=\"Les invit\u00e9s se d\u00e9cha\u00eenent sur la piste de danse\" width=\"1024\" height=\"684\" \/> <img loading=\"lazy\" decoding=\"async\" class=\"alignright size-full wp-image-17180\" title=\"Dans Le Pays D\u2019enhaut \u00e0 Rougemont\" src=\"https:\/\/alexandrebourguet.ch\/wp-content\/uploads\/2025\/08\/mariage-montagne-rougemont-saanen-gstaad-36.jpg\" alt=\"Les heures passent, la motivation reste\" width=\"1024\" height=\"684\" \/><\/p>\n","protected":false},"excerpt":{"rendered":"<p>Wedding in the Pays d\u2019Enhaut in Switzerland It is on the cantons of Vaud and Bern that Anne-Laure and Alex agree to tie the knot. The preparation took place in Saanen, the capital of Obersimmental. The canton of Vaud, which is a few meters away. Rougemont is the neighbouring village! It has a beautiful church, [&hellip;]<\/p>\n","protected":false},"author":2,"featured_media":23735,"comment_status":"open","ping_status":"open","sticky":false,"template":"","format":"standard","meta":{"_slider_exclude":false,"footnotes":""},"categories":[1],"tags":[],"class_list":["post-24825","post","type-post","status-publish","format-standard","has-post-thumbnail","hentry","category-non-categorise"],"yoast_head":"<!-- This site is optimized with the Yoast SEO plugin v27.5 - https:\/\/yoast.com\/product\/yoast-seo-wordpress\/ -->\n<title>Mountain Wedding in pays d&#039;Enhaut Rougemont area in Switerland<\/title>\n<meta name=\"description\" content=\"Saanen (BE) then to Rougemont (VD): The Cantons wedding took place in the exotic alpine chalet in the Pays d&#039;Enhaut. It was beautiful!\" \/>\n<meta name=\"robots\" content=\"index, follow, max-snippet:-1, max-image-preview:large, max-video-preview:-1\" \/>\n<link rel=\"canonical\" href=\"https:\/\/alexandrebourguet.ch\/en\/wp-json\/wp\/v2\/posts\/24825\/\" \/>\n<meta property=\"og:locale\" content=\"en_US\" \/>\n<meta property=\"og:type\" content=\"article\" \/>\n<meta property=\"og:title\" content=\"Mountain Wedding in pays d&#039;Enhaut Rougemont area in Switerland\" \/>\n<meta property=\"og:description\" content=\"Saanen (BE) then to Rougemont (VD): The Cantons wedding took place in the exotic alpine chalet in the Pays d&#039;Enhaut. It was beautiful!\" \/>\n<meta property=\"og:url\" content=\"https:\/\/alexandrebourguet.ch\/en\/wedding-rougemont-saanen-pays-d-enhaut\/\" \/>\n<meta property=\"og:site_name\" content=\"Alexandre Bourguet - Photographe de mariage\" \/>\n<meta property=\"article:publisher\" content=\"https:\/\/www.facebook.com\/alexandre.bourguet.photographe\" \/>\n<meta property=\"article:published_time\" content=\"2016-07-13T07:18:34+00:00\" \/>\n<meta property=\"article:modified_time\" content=\"2025-09-15T08:40:26+00:00\" \/>\n<meta property=\"og:image\" content=\"https:\/\/alexandrebourguet.ch\/wp-content\/uploads\/2025\/08\/mariage-montagne-rougemont-saanen-gstaad-24.jpg\" \/>\n\t<meta property=\"og:image:width\" content=\"1024\" \/>\n\t<meta property=\"og:image:height\" content=\"684\" \/>\n\t<meta property=\"og:image:type\" content=\"image\/jpeg\" \/>\n<meta name=\"author\" content=\"Alexandre Bourguet\" \/>\n<meta name=\"twitter:card\" content=\"summary_large_image\" \/>\n<meta name=\"twitter:label1\" content=\"Written by\" \/>\n\t<meta name=\"twitter:data1\" content=\"Alexandre Bourguet\" \/>\n\t<meta name=\"twitter:label2\" content=\"Est. reading time\" \/>\n\t<meta name=\"twitter:data2\" content=\"9 minutes\" \/>\n<!-- \/ Yoast SEO plugin. -->","yoast_head_json":{"title":"Mountain Wedding in pays d'Enhaut Rougemont area in Switerland","description":"Saanen (BE) then to Rougemont (VD): The Cantons wedding took place in the exotic alpine chalet in the Pays d'Enhaut. It was beautiful!","robots":{"index":"index","follow":"follow","max-snippet":"max-snippet:-1","max-image-preview":"max-image-preview:large","max-video-preview":"max-video-preview:-1"},"canonical":"https:\/\/alexandrebourguet.ch\/en\/wp-json\/wp\/v2\/posts\/24825\/","og_locale":"en_US","og_type":"article","og_title":"Mountain Wedding in pays d'Enhaut Rougemont area in Switerland","og_description":"Saanen (BE) then to Rougemont (VD): The Cantons wedding took place in the exotic alpine chalet in the Pays d'Enhaut. It was beautiful!","og_url":"https:\/\/alexandrebourguet.ch\/en\/wedding-rougemont-saanen-pays-d-enhaut\/","og_site_name":"Alexandre Bourguet - Photographe de mariage","article_publisher":"https:\/\/www.facebook.com\/alexandre.bourguet.photographe","article_published_time":"2016-07-13T07:18:34+00:00","article_modified_time":"2025-09-15T08:40:26+00:00","og_image":[{"width":1024,"height":684,"url":"https:\/\/alexandrebourguet.ch\/wp-content\/uploads\/2025\/08\/mariage-montagne-rougemont-saanen-gstaad-24.jpg","type":"image\/jpeg"}],"author":"Alexandre Bourguet","twitter_card":"summary_large_image","twitter_misc":{"Written by":"Alexandre Bourguet","Est. reading time":"9 minutes"},"schema":{"@context":"https:\/\/schema.org","@graph":[]}},"_links":{"self":[{"href":"https:\/\/alexandrebourguet.ch\/en\/wp-json\/wp\/v2\/posts\/24825","targetHints":{"allow":["GET"]}}],"collection":[{"href":"https:\/\/alexandrebourguet.ch\/en\/wp-json\/wp\/v2\/posts"}],"about":[{"href":"https:\/\/alexandrebourguet.ch\/en\/wp-json\/wp\/v2\/types\/post"}],"author":[{"embeddable":true,"href":"https:\/\/alexandrebourguet.ch\/en\/wp-json\/wp\/v2\/users\/2"}],"replies":[{"embeddable":true,"href":"https:\/\/alexandrebourguet.ch\/en\/wp-json\/wp\/v2\/comments?post=24825"}],"version-history":[{"count":1,"href":"https:\/\/alexandrebourguet.ch\/en\/wp-json\/wp\/v2\/posts\/24825\/revisions"}],"predecessor-version":[{"id":24826,"href":"https:\/\/alexandrebourguet.ch\/en\/wp-json\/wp\/v2\/posts\/24825\/revisions\/24826"}],"wp:featuredmedia":[{"embeddable":true,"href":"https:\/\/alexandrebourguet.ch\/en\/wp-json\/wp\/v2\/media\/23735"}],"wp:attachment":[{"href":"https:\/\/alexandrebourguet.ch\/en\/wp-json\/wp\/v2\/media?parent=24825"}],"wp:term":[{"taxonomy":"category","embeddable":true,"href":"https:\/\/alexandrebourguet.ch\/en\/wp-json\/wp\/v2\/categories?post=24825"},{"taxonomy":"post_tag","embeddable":true,"href":"https:\/\/alexandrebourguet.ch\/en\/wp-json\/wp\/v2\/tags?post=24825"}],"curies":[{"name":"wp","href":"https:\/\/api.w.org\/{rel}","templated":true}]}}