{"id":24817,"date":"2016-08-22T06:30:33","date_gmt":"2016-08-22T06:30:33","guid":{"rendered":"https:\/\/alexandrebourguet.ch\/?p=24817"},"modified":"2025-09-15T08:38:41","modified_gmt":"2025-09-15T08:38:41","slug":"wedding-porte-iris-switzerland","status":"publish","type":"post","link":"https:\/\/alexandrebourguet.ch\/en\/wedding-porte-iris-switzerland\/","title":{"rendered":"At Portes des Iris between Lausanne and Geneva"},"content":{"rendered":"<h1><strong>Wedding at the Portes des Iris<\/strong><\/h1>\n<p><span style=\"font-weight: 400;\">Le Gros-de-Vaud, is between the villages of Cottens and Vullierens. No wonder many couples choose the Iris Doors to celebrate the best day of their lives! This town is located between Lausanne and Geneva, not far from Lake Geneva, it is home to some of the most amazing gardens in Switzerland. Morgan and Maxime have shared with us one of the best days of their lives, even the sun agreed which accompanied us through the day. It was indeed a beautiful day in the beautiful Portes des Iris. The ceremony was first held in the hall, before it moved to the gardens. The couples wedding was well enjoyed, in the company of the elegant bride and charming groom. The guests certainly wanted me to capture the event very well through my lens, with the Bengal lights that celebrated the arrival of the cake certainly helped with taking some beautiful snaps of the beautiful day. The evening continued with dances outdoor in the sun, with a cool breeze, which made it much more enjoyable.<\/span><\/p>\n<p><span style=\"font-weight: 400;\">Photographer: Alexandre Bourguet<\/span><\/p>\n<p><img fetchpriority=\"high\" decoding=\"async\" class=\"alignright size-full wp-image-17121\" title=\"Les magnifiques jardins des Portes des Iris\" src=\"https:\/\/alexandrebourguet.ch\/wp-content\/uploads\/2025\/08\/mariage-portes-des-iris-1.jpg\" alt=\"L'\u00e9crin sublime des Portes des Iris\" width=\"1280\" height=\"854\" \/> <img decoding=\"async\" class=\"alignright size-full wp-image-17122\" title=\"Emotion avant la c\u00e9r\u00e9monie\" src=\"https:\/\/alexandrebourguet.ch\/wp-content\/uploads\/2025\/08\/mariage-portes-des-iris-2.jpg\" alt=\"Les \u00e9motions sont d\u00e9j\u00e0 au rendez-vous\" width=\"1280\" height=\"854\" \/> <img decoding=\"async\" class=\"alignright size-full wp-image-17123\" title=\"La mari\u00e9e descend l'escalier\" src=\"https:\/\/alexandrebourguet.ch\/wp-content\/uploads\/2025\/08\/mariage-portes-des-iris-3.jpg\" alt=\"Photo conceptuelle de la mari\u00e9e descendant un escalier\" width=\"1280\" height=\"854\" \/> <img loading=\"lazy\" decoding=\"async\" class=\"alignright size-full wp-image-17124\" title=\"Arriv\u00e9e de la mari\u00e9e pour la c\u00e9r\u00e9monie aux Portes des Iris\" src=\"https:\/\/alexandrebourguet.ch\/wp-content\/uploads\/2025\/08\/mariage-portes-des-iris-4.jpg\" alt=\"D\u00e9but de c\u00e9r\u00e9monie aux Portes des Iris\" width=\"1280\" height=\"854\" \/> <img loading=\"lazy\" decoding=\"async\" class=\"alignright size-full wp-image-17125\" title=\"La mari\u00e9e d\u00e9voile les alliances\" src=\"https:\/\/alexandrebourguet.ch\/wp-content\/uploads\/2025\/08\/mariage-portes-des-iris-5.jpg\" alt=\"Arriv\u00e9e des alliances\" width=\"1280\" height=\"854\" \/> <img loading=\"lazy\" decoding=\"async\" class=\"alignright size-full wp-image-17126\" title=\"Baiser des mari\u00e9s\" src=\"https:\/\/alexandrebourguet.ch\/wp-content\/uploads\/2025\/08\/mariage-portes-des-iris-6.jpg\" alt=\"Les mari\u00e9s s'embrassent\" width=\"1280\" height=\"854\" \/> <img loading=\"lazy\" decoding=\"async\" class=\"alignright size-full wp-image-17127\" title=\"Vue lointaine des mari\u00e9s\" src=\"https:\/\/alexandrebourguet.ch\/wp-content\/uploads\/2025\/08\/mariage-portes-des-iris-7.jpg\" alt=\"Vue lointaine des mari\u00e9s dans les jardins des Portes des Iris\" width=\"1280\" height=\"854\" \/> <img loading=\"lazy\" decoding=\"async\" class=\"alignright size-full wp-image-17128\" title=\"Haie d'honneur pour les mari\u00e9s\" src=\"https:\/\/alexandrebourguet.ch\/wp-content\/uploads\/2025\/08\/mariage-portes-des-iris-8.jpg\" alt=\"Les mari\u00e9s s'avancent parmi leurs invit\u00e9s\" width=\"1280\" height=\"854\" \/> <img loading=\"lazy\" decoding=\"async\" class=\"alignright size-full wp-image-17129\" title=\"La mari\u00e9e f\u00e9licit\u00e9e par ses proches\" src=\"https:\/\/alexandrebourguet.ch\/wp-content\/uploads\/2025\/08\/mariage-portes-des-iris-9.jpg\" alt=\"Emotion au rendez-vous\" width=\"1280\" height=\"854\" \/> <img loading=\"lazy\" decoding=\"async\" class=\"alignright size-full wp-image-17130\" title=\"F\u00e9licitations de la mari\u00e9e\" src=\"https:\/\/alexandrebourguet.ch\/wp-content\/uploads\/2025\/08\/mariage-portes-des-iris-10.jpg\" alt=\"Emotion de mariage\" width=\"1280\" height=\"854\" \/> <img loading=\"lazy\" decoding=\"async\" class=\"alignright size-full wp-image-17131\" title=\"Regard complice des mari\u00e9s\" src=\"https:\/\/alexandrebourguet.ch\/wp-content\/uploads\/2025\/08\/mariage-portes-des-iris-11.jpg\" alt=\"Les mari\u00e9s trinquent \u00e0 l'issue de la c\u00e9r\u00e9monie\" width=\"1280\" height=\"854\" \/> <img loading=\"lazy\" decoding=\"async\" class=\"alignright size-full wp-image-17132\" title=\"Belle \u00e9motion des mari\u00e9s\" src=\"https:\/\/alexandrebourguet.ch\/wp-content\/uploads\/2025\/08\/mariage-portes-des-iris-12.jpg\" alt=\"Bonheur communicatif \u00e0 l'issue de la c\u00e9r\u00e9monie\" width=\"1280\" height=\"854\" \/> <img loading=\"lazy\" decoding=\"async\" class=\"alignright size-full wp-image-17133\" title=\"Les mari\u00e9s se baladent dans les jardins\" src=\"https:\/\/alexandrebourguet.ch\/wp-content\/uploads\/2025\/08\/mariage-portes-des-iris-13.jpg\" alt=\"Les mari\u00e9s dans les jardins des Portes des Iris\" width=\"1280\" height=\"854\" \/> <img loading=\"lazy\" decoding=\"async\" class=\"alignright size-full wp-image-17134\" title=\"Jeu d'ombre \u00e0 la tomb\u00e9e du jour\" src=\"https:\/\/alexandrebourguet.ch\/wp-content\/uploads\/2025\/08\/mariage-portes-des-iris-14.jpg\" alt=\"La mari\u00e9e et son \u00e9poux dans un jeu d'ombre et lumi\u00e8re\" width=\"1280\" height=\"854\" \/> <img loading=\"lazy\" decoding=\"async\" class=\"alignright size-full wp-image-17135\" title=\"Les mari\u00e9s f\u00e9licit\u00e9s\" src=\"https:\/\/alexandrebourguet.ch\/wp-content\/uploads\/2025\/08\/mariage-portes-des-iris-15.jpg\" alt=\"F\u00e9licitations pour la mari\u00e9e\" width=\"1280\" height=\"854\" \/> <img loading=\"lazy\" decoding=\"async\" class=\"alignright size-full wp-image-17136\" title=\"La mari\u00e9e trinque\" src=\"https:\/\/alexandrebourguet.ch\/wp-content\/uploads\/2025\/08\/mariage-portes-des-iris-16.jpg\" alt=\"La mari\u00e9e fait sant\u00e9\" width=\"1280\" height=\"854\" \/> <img loading=\"lazy\" decoding=\"async\" class=\"alignright size-full wp-image-17137\" title=\"Feux de bengale pour la mari\u00e9e\" src=\"https:\/\/alexandrebourguet.ch\/wp-content\/uploads\/2025\/08\/mariage-portes-des-iris-17.jpg\" alt=\"Haie d'honneur de feux de Bengale\" width=\"1280\" height=\"854\" \/> <img loading=\"lazy\" decoding=\"async\" class=\"alignright size-full wp-image-17138\" title=\"Les mari\u00e9s \u00e9clair\u00e9s par les feux de Bengale\" src=\"https:\/\/alexandrebourguet.ch\/wp-content\/uploads\/2025\/08\/mariage-portes-des-iris-18.jpg\" alt=\"Feux de Bengale pour les mari\u00e9s\" width=\"1280\" height=\"854\" \/> <img loading=\"lazy\" decoding=\"async\" class=\"alignright size-full wp-image-17139\" title=\"Le g\u00e2teau des mari\u00e9s\" src=\"https:\/\/alexandrebourguet.ch\/wp-content\/uploads\/2025\/08\/mariage-portes-des-iris-19.jpg\" alt=\"Les mari\u00e9s ont droit \u00e0 leur traditionnel g\u00e2teau\" width=\"1280\" height=\"854\" \/> <img loading=\"lazy\" decoding=\"async\" class=\"alignright size-full wp-image-17140\" title=\"D\u00e9coupe du g\u00e2teau\" src=\"https:\/\/alexandrebourguet.ch\/wp-content\/uploads\/2025\/08\/mariage-portes-des-iris-20.jpg\" alt=\"Les mari\u00e9s ont l'honneur de d\u00e9couper leur g\u00e2teau\" width=\"1280\" height=\"854\" \/> <img loading=\"lazy\" decoding=\"async\" class=\"alignright size-full wp-image-17141\" title=\"Danse dans les jardins des Portes des Iris\" src=\"https:\/\/alexandrebourguet.ch\/wp-content\/uploads\/2025\/08\/mariage-portes-des-iris-21.jpg\" alt=\"Les mari\u00e9s s'offrent une danse au clair de lune\" width=\"1280\" height=\"854\" \/><\/p>\n","protected":false},"excerpt":{"rendered":"<p>Wedding at the Portes des Iris Le Gros-de-Vaud, is between the villages of Cottens and Vullierens. No wonder many couples choose the Iris Doors to celebrate the best day of their lives! This town is located between Lausanne and Geneva, not far from Lake Geneva, it is home to some of the most amazing gardens [&hellip;]<\/p>\n","protected":false},"author":2,"featured_media":25402,"comment_status":"open","ping_status":"open","sticky":false,"template":"","format":"standard","meta":{"_slider_exclude":false,"footnotes":""},"categories":[1],"tags":[],"class_list":["post-24817","post","type-post","status-publish","format-standard","has-post-thumbnail","hentry","category-non-categorise"],"yoast_head":"<!-- This site is optimized with the Yoast SEO plugin v27.5 - https:\/\/yoast.com\/product\/yoast-seo-wordpress\/ -->\n<title>Wedding at Porte des Iris between Lausanne and Geneva et Switzerland<\/title>\n<meta name=\"description\" content=\"Gardens of the Portes des Iris, in Gros-de-Vaud between Lausanne &amp; Geneva, was the soul of the wedding, not forgetting the sun, keeping us company that day\" \/>\n<meta name=\"robots\" content=\"index, follow, max-snippet:-1, max-image-preview:large, max-video-preview:-1\" \/>\n<link rel=\"canonical\" href=\"https:\/\/alexandrebourguet.ch\/en\/wp-json\/wp\/v2\/posts\/24817\/\" \/>\n<meta property=\"og:locale\" content=\"en_US\" \/>\n<meta property=\"og:type\" content=\"article\" \/>\n<meta property=\"og:title\" content=\"Wedding at Porte des Iris between Lausanne and Geneva et Switzerland\" \/>\n<meta property=\"og:description\" content=\"Gardens of the Portes des Iris, in Gros-de-Vaud between Lausanne &amp; Geneva, was the soul of the wedding, not forgetting the sun, keeping us company that day\" \/>\n<meta property=\"og:url\" content=\"https:\/\/alexandrebourguet.ch\/en\/wedding-porte-iris-switzerland\/\" \/>\n<meta property=\"og:site_name\" content=\"Alexandre Bourguet - Photographe de mariage\" \/>\n<meta property=\"article:publisher\" content=\"https:\/\/www.facebook.com\/alexandre.bourguet.photographe\" \/>\n<meta property=\"article:published_time\" content=\"2016-08-22T06:30:33+00:00\" \/>\n<meta property=\"article:modified_time\" content=\"2025-09-15T08:38:41+00:00\" \/>\n<meta property=\"og:image\" content=\"https:\/\/alexandrebourguet.ch\/wp-content\/uploads\/2025\/08\/mariage-portes-des-iris-17.jpg\" \/>\n\t<meta property=\"og:image:width\" content=\"1280\" \/>\n\t<meta property=\"og:image:height\" content=\"854\" \/>\n\t<meta property=\"og:image:type\" content=\"image\/jpeg\" \/>\n<meta name=\"author\" content=\"Alexandre Bourguet\" \/>\n<meta name=\"twitter:card\" content=\"summary_large_image\" \/>\n<meta name=\"twitter:label1\" content=\"Written by\" \/>\n\t<meta name=\"twitter:data1\" content=\"Alexandre Bourguet\" \/>\n\t<meta name=\"twitter:label2\" content=\"Est. reading time\" \/>\n\t<meta name=\"twitter:data2\" content=\"6 minutes\" \/>\n<!-- \/ Yoast SEO plugin. -->","yoast_head_json":{"title":"Wedding at Porte des Iris between Lausanne and Geneva et Switzerland","description":"Gardens of the Portes des Iris, in Gros-de-Vaud between Lausanne & Geneva, was the soul of the wedding, not forgetting the sun, keeping us company that day","robots":{"index":"index","follow":"follow","max-snippet":"max-snippet:-1","max-image-preview":"max-image-preview:large","max-video-preview":"max-video-preview:-1"},"canonical":"https:\/\/alexandrebourguet.ch\/en\/wp-json\/wp\/v2\/posts\/24817\/","og_locale":"en_US","og_type":"article","og_title":"Wedding at Porte des Iris between Lausanne and Geneva et Switzerland","og_description":"Gardens of the Portes des Iris, in Gros-de-Vaud between Lausanne & Geneva, was the soul of the wedding, not forgetting the sun, keeping us company that day","og_url":"https:\/\/alexandrebourguet.ch\/en\/wedding-porte-iris-switzerland\/","og_site_name":"Alexandre Bourguet - Photographe de mariage","article_publisher":"https:\/\/www.facebook.com\/alexandre.bourguet.photographe","article_published_time":"2016-08-22T06:30:33+00:00","article_modified_time":"2025-09-15T08:38:41+00:00","og_image":[{"width":1280,"height":854,"url":"https:\/\/alexandrebourguet.ch\/wp-content\/uploads\/2025\/08\/mariage-portes-des-iris-17.jpg","type":"image\/jpeg"}],"author":"Alexandre Bourguet","twitter_card":"summary_large_image","twitter_misc":{"Written by":"Alexandre Bourguet","Est. reading time":"6 minutes"},"schema":{"@context":"https:\/\/schema.org","@graph":[]}},"_links":{"self":[{"href":"https:\/\/alexandrebourguet.ch\/en\/wp-json\/wp\/v2\/posts\/24817","targetHints":{"allow":["GET"]}}],"collection":[{"href":"https:\/\/alexandrebourguet.ch\/en\/wp-json\/wp\/v2\/posts"}],"about":[{"href":"https:\/\/alexandrebourguet.ch\/en\/wp-json\/wp\/v2\/types\/post"}],"author":[{"embeddable":true,"href":"https:\/\/alexandrebourguet.ch\/en\/wp-json\/wp\/v2\/users\/2"}],"replies":[{"embeddable":true,"href":"https:\/\/alexandrebourguet.ch\/en\/wp-json\/wp\/v2\/comments?post=24817"}],"version-history":[{"count":1,"href":"https:\/\/alexandrebourguet.ch\/en\/wp-json\/wp\/v2\/posts\/24817\/revisions"}],"predecessor-version":[{"id":24818,"href":"https:\/\/alexandrebourguet.ch\/en\/wp-json\/wp\/v2\/posts\/24817\/revisions\/24818"}],"wp:featuredmedia":[{"embeddable":true,"href":"https:\/\/alexandrebourguet.ch\/en\/wp-json\/wp\/v2\/media\/25402"}],"wp:attachment":[{"href":"https:\/\/alexandrebourguet.ch\/en\/wp-json\/wp\/v2\/media?parent=24817"}],"wp:term":[{"taxonomy":"category","embeddable":true,"href":"https:\/\/alexandrebourguet.ch\/en\/wp-json\/wp\/v2\/categories?post=24817"},{"taxonomy":"post_tag","embeddable":true,"href":"https:\/\/alexandrebourguet.ch\/en\/wp-json\/wp\/v2\/tags?post=24817"}],"curies":[{"name":"wp","href":"https:\/\/api.w.org\/{rel}","templated":true}]}}